{"id":4614,"date":"2019-08-19T05:49:00","date_gmt":"2019-08-19T05:49:00","guid":{"rendered":"https:\/\/sosmadisoninternational.org\/?p=4614"},"modified":"2022-08-31T06:00:54","modified_gmt":"2022-08-31T06:00:54","slug":"monaco-tribune-les-joueurs-de-lasm-soutiennent-un-styliste-aveugle","status":"publish","type":"post","link":"https:\/\/sosmadisoninternational.org\/fr\/monaco-tribune-les-joueurs-de-lasm-soutiennent-un-styliste-aveugle\/","title":{"rendered":"Monaco Tribune &#8211; Les joueurs de l\u2019ASM soutiennent un styliste aveugle"},"content":{"rendered":"\n<p><strong>C\u2019est une le\u00e7on de mode et d\u2019humanit\u00e9 que viennent de faire les joueurs de l\u2019AS Monaco, en soutenant les cr\u00e9ations du styliste et r\u00e9alisateur aveugle et franco-camerounais Mason Ewing, qui a lanc\u00e9 une marque de v\u00eatements \u00e0 son nom et en braille.<\/strong><\/p>\n","protected":false},"excerpt":{"rendered":"<p>C\u2019est une le\u00e7on de mode et d\u2019humanit\u00e9 que viennent de faire les joueurs de l\u2019AS Monaco, en soutenant les cr\u00e9ations du styliste et r\u00e9alisateur aveugle et franco-camerounais Mason Ewing, qui a lanc\u00e9 une marque de v\u00eatements \u00e0 son nom et en braille.<\/p>\n","protected":false},"author":2,"featured_media":4615,"comment_status":"open","ping_status":"open","sticky":false,"template":"","format":"standard","meta":{"_monsterinsights_skip_tracking":false,"_monsterinsights_sitenote_active":false,"_monsterinsights_sitenote_note":"","_monsterinsights_sitenote_category":0,"site-sidebar-layout":"default","site-content-layout":"default","ast-global-header-display":"","ast-main-header-display":"","ast-hfb-above-header-display":"","ast-hfb-below-header-display":"","ast-hfb-mobile-header-display":"","site-post-title":"","ast-breadcrumbs-content":"","ast-featured-img":"","footer-sml-layout":"","theme-transparent-header-meta":"","adv-header-id-meta":"","stick-header-meta":"","header-above-stick-meta":"","header-main-stick-meta":"","header-below-stick-meta":"","footnotes":""},"categories":[28],"tags":[],"class_list":["post-4614","post","type-post","status-publish","format-standard","has-post-thumbnail","hentry","category-nos-presses"],"yoast_head":"<!-- This site is optimized with the Yoast SEO plugin v27.5 - https:\/\/yoast.com\/product\/yoast-seo-wordpress\/ -->\n<title>Monaco Tribune - Les joueurs de l\u2019ASM soutiennent un styliste aveugle - SOS Madison International<\/title>\n<meta name=\"description\" content=\"C\u2019est une le\u00e7on de mode et d\u2019humanit\u00e9 que viennent de faire les joueurs de l\u2019AS Monaco, en soutenant les cr\u00e9ations du styliste et...\" \/>\n<meta name=\"robots\" content=\"index, follow, max-snippet:-1, max-image-preview:large, max-video-preview:-1\" \/>\n<link rel=\"canonical\" href=\"https:\/\/sosmadisoninternational.org\/fr\/https\/wwwmonaco-tribunecom\/2019\/08\/joueurs-asm-soutiennent-styliste-aveugle\/\" \/>\n<meta property=\"og:locale\" content=\"fr_FR\" \/>\n<meta property=\"og:type\" content=\"article\" \/>\n<meta property=\"og:title\" content=\"SOS Madison International - Monaco Tribune - Les joueurs de l\u2019ASM soutiennent un styliste aveugle\" \/>\n<meta property=\"og:description\" content=\"C\u2019est une le\u00e7on de mode et d\u2019humanit\u00e9 que viennent de faire les joueurs de l\u2019AS Monaco, en soutenant les cr\u00e9ations du styliste et...\" \/>\n<meta property=\"og:url\" content=\"https:\/\/sosmadisoninternational.org\/fr\/https\/wwwmonaco-tribunecom\/2019\/08\/joueurs-asm-soutiennent-styliste-aveugle\/\" \/>\n<meta property=\"og:site_name\" content=\"SOS Madison International\" \/>\n<meta property=\"article:published_time\" content=\"2019-08-19T05:49:00+00:00\" \/>\n<meta property=\"article:modified_time\" content=\"2022-08-31T06:00:54+00:00\" \/>\n<meta property=\"og:image\" content=\"https:\/\/sosmadisoninternational.org\/wp-content\/uploads\/2022\/08\/Leonardo-Jardim.jpeg\" \/>\n\t<meta property=\"og:image:width\" content=\"960\" \/>\n\t<meta property=\"og:image:height\" content=\"640\" \/>\n\t<meta property=\"og:image:type\" content=\"image\/jpeg\" \/>\n<meta name=\"author\" content=\"SOS MADISON INTERNATIONAL\" \/>\n<meta name=\"twitter:card\" content=\"summary_large_image\" \/>\n<meta name=\"twitter:title\" content=\"SOS Madison International - Monaco Tribune - Les joueurs de l\u2019ASM soutiennent un styliste aveugle\" \/>\n<meta name=\"twitter:description\" content=\"C\u2019est une le\u00e7on de mode et d\u2019humanit\u00e9 que viennent de faire les joueurs de l\u2019AS Monaco, en soutenant les cr\u00e9ations du styliste et...\" \/>\n<meta name=\"twitter:image\" content=\"https:\/\/i0.wp.com\/sosmadisoninternational.org\/wp-content\/uploads\/2022\/08\/Leonardo-Jardim.jpeg?fit=960%2C640&ssl=1\" \/>\n<meta name=\"twitter:label1\" content=\"\u00c9crit par\" \/>\n\t<meta name=\"twitter:data1\" content=\"SOS MADISON INTERNATIONAL\" \/>\n\t<meta name=\"twitter:label2\" content=\"Dur\u00e9e de lecture estim\u00e9e\" \/>\n\t<meta name=\"twitter:data2\" content=\"1 minute\" \/>\n<script type=\"application\/ld+json\" class=\"yoast-schema-graph\">{\"@context\":\"https:\\\/\\\/schema.org\",\"@graph\":[{\"@type\":\"Article\",\"@id\":\"https:\\\/\\\/sosmadisoninternational.org\\\/fr\\\/https\\\/wwwmonaco-tribunecom\\\/2019\\\/08\\\/joueurs-asm-soutiennent-styliste-aveugle\\\/#article\",\"isPartOf\":{\"@id\":\"https:\\\/\\\/sosmadisoninternational.org\\\/fr\\\/https\\\/wwwmonaco-tribunecom\\\/2019\\\/08\\\/joueurs-asm-soutiennent-styliste-aveugle\\\/\"},\"author\":{\"name\":\"SOS MADISON INTERNATIONAL\",\"@id\":\"https:\\\/\\\/sosmadisoninternational.org\\\/fr\\\/#\\\/schema\\\/person\\\/908eb5dfe3a2702d27e0bc857162c87c\"},\"headline\":\"Monaco Tribune &#8211; Les joueurs de l\u2019ASM soutiennent un styliste aveugle\",\"datePublished\":\"2019-08-19T05:49:00+00:00\",\"dateModified\":\"2022-08-31T06:00:54+00:00\",\"mainEntityOfPage\":{\"@id\":\"https:\\\/\\\/sosmadisoninternational.org\\\/fr\\\/https\\\/wwwmonaco-tribunecom\\\/2019\\\/08\\\/joueurs-asm-soutiennent-styliste-aveugle\\\/\"},\"wordCount\":60,\"commentCount\":0,\"publisher\":{\"@id\":\"https:\\\/\\\/sosmadisoninternational.org\\\/fr\\\/#organization\"},\"image\":{\"@id\":\"https:\\\/\\\/sosmadisoninternational.org\\\/fr\\\/https\\\/wwwmonaco-tribunecom\\\/2019\\\/08\\\/joueurs-asm-soutiennent-styliste-aveugle\\\/#primaryimage\"},\"thumbnailUrl\":\"https:\\\/\\\/i0.wp.com\\\/sosmadisoninternational.org\\\/wp-content\\\/uploads\\\/2022\\\/08\\\/Leonardo-Jardim.jpeg?fit=960%2C640&ssl=1\",\"articleSection\":[\"Nos presses\"],\"inLanguage\":\"fr-FR\",\"potentialAction\":[{\"@type\":\"CommentAction\",\"name\":\"Comment\",\"target\":[\"https:\\\/\\\/sosmadisoninternational.org\\\/fr\\\/https\\\/wwwmonaco-tribunecom\\\/2019\\\/08\\\/joueurs-asm-soutiennent-styliste-aveugle\\\/#respond\"]}]},{\"@type\":\"WebPage\",\"@id\":\"https:\\\/\\\/sosmadisoninternational.org\\\/fr\\\/https\\\/wwwmonaco-tribunecom\\\/2019\\\/08\\\/joueurs-asm-soutiennent-styliste-aveugle\\\/\",\"url\":\"https:\\\/\\\/sosmadisoninternational.org\\\/fr\\\/https\\\/wwwmonaco-tribunecom\\\/2019\\\/08\\\/joueurs-asm-soutiennent-styliste-aveugle\\\/\",\"name\":\"Monaco Tribune - Les joueurs de l\u2019ASM soutiennent un styliste aveugle - SOS Madison International\",\"isPartOf\":{\"@id\":\"https:\\\/\\\/sosmadisoninternational.org\\\/fr\\\/#website\"},\"primaryImageOfPage\":{\"@id\":\"https:\\\/\\\/sosmadisoninternational.org\\\/fr\\\/https\\\/wwwmonaco-tribunecom\\\/2019\\\/08\\\/joueurs-asm-soutiennent-styliste-aveugle\\\/#primaryimage\"},\"image\":{\"@id\":\"https:\\\/\\\/sosmadisoninternational.org\\\/fr\\\/https\\\/wwwmonaco-tribunecom\\\/2019\\\/08\\\/joueurs-asm-soutiennent-styliste-aveugle\\\/#primaryimage\"},\"thumbnailUrl\":\"https:\\\/\\\/i0.wp.com\\\/sosmadisoninternational.org\\\/wp-content\\\/uploads\\\/2022\\\/08\\\/Leonardo-Jardim.jpeg?fit=960%2C640&ssl=1\",\"datePublished\":\"2019-08-19T05:49:00+00:00\",\"dateModified\":\"2022-08-31T06:00:54+00:00\",\"description\":\"C\u2019est une le\u00e7on de mode et d\u2019humanit\u00e9 que viennent de faire les joueurs de l\u2019AS Monaco, en soutenant les cr\u00e9ations du styliste et...\",\"breadcrumb\":{\"@id\":\"https:\\\/\\\/sosmadisoninternational.org\\\/fr\\\/https\\\/wwwmonaco-tribunecom\\\/2019\\\/08\\\/joueurs-asm-soutiennent-styliste-aveugle\\\/#breadcrumb\"},\"inLanguage\":\"fr-FR\",\"potentialAction\":[{\"@type\":\"ReadAction\",\"target\":[\"https:\\\/\\\/sosmadisoninternational.org\\\/fr\\\/https\\\/wwwmonaco-tribunecom\\\/2019\\\/08\\\/joueurs-asm-soutiennent-styliste-aveugle\\\/\"]}]},{\"@type\":\"ImageObject\",\"inLanguage\":\"fr-FR\",\"@id\":\"https:\\\/\\\/sosmadisoninternational.org\\\/fr\\\/https\\\/wwwmonaco-tribunecom\\\/2019\\\/08\\\/joueurs-asm-soutiennent-styliste-aveugle\\\/#primaryimage\",\"url\":\"https:\\\/\\\/i0.wp.com\\\/sosmadisoninternational.org\\\/wp-content\\\/uploads\\\/2022\\\/08\\\/Leonardo-Jardim.jpeg?fit=960%2C640&ssl=1\",\"contentUrl\":\"https:\\\/\\\/i0.wp.com\\\/sosmadisoninternational.org\\\/wp-content\\\/uploads\\\/2022\\\/08\\\/Leonardo-Jardim.jpeg?fit=960%2C640&ssl=1\",\"width\":960,\"height\":640},{\"@type\":\"BreadcrumbList\",\"@id\":\"https:\\\/\\\/sosmadisoninternational.org\\\/fr\\\/https\\\/wwwmonaco-tribunecom\\\/2019\\\/08\\\/joueurs-asm-soutiennent-styliste-aveugle\\\/#breadcrumb\",\"itemListElement\":[{\"@type\":\"ListItem\",\"position\":1,\"name\":\"Home\",\"item\":\"https:\\\/\\\/sosmadisoninternational.org\\\/en\\\/\"},{\"@type\":\"ListItem\",\"position\":2,\"name\":\"Monaco Tribune &#8211; Les joueurs de l\u2019ASM soutiennent un styliste aveugle\"}]},{\"@type\":\"WebSite\",\"@id\":\"https:\\\/\\\/sosmadisoninternational.org\\\/fr\\\/#website\",\"url\":\"https:\\\/\\\/sosmadisoninternational.org\\\/fr\\\/\",\"name\":\"SOS Madison International\",\"description\":\"\",\"publisher\":{\"@id\":\"https:\\\/\\\/sosmadisoninternational.org\\\/fr\\\/#organization\"},\"potentialAction\":[{\"@type\":\"SearchAction\",\"target\":{\"@type\":\"EntryPoint\",\"urlTemplate\":\"https:\\\/\\\/sosmadisoninternational.org\\\/fr\\\/?s={search_term_string}\"},\"query-input\":{\"@type\":\"PropertyValueSpecification\",\"valueRequired\":true,\"valueName\":\"search_term_string\"}}],\"inLanguage\":\"fr-FR\"},{\"@type\":\"Organization\",\"@id\":\"https:\\\/\\\/sosmadisoninternational.org\\\/fr\\\/#organization\",\"name\":\"SOS Madison International\",\"url\":\"https:\\\/\\\/sosmadisoninternational.org\\\/fr\\\/\",\"logo\":{\"@type\":\"ImageObject\",\"inLanguage\":\"fr-FR\",\"@id\":\"https:\\\/\\\/sosmadisoninternational.org\\\/fr\\\/#\\\/schema\\\/logo\\\/image\\\/\",\"url\":\"https:\\\/\\\/i0.wp.com\\\/sosmadisoninternational.org\\\/wp-content\\\/uploads\\\/2022\\\/01\\\/SOS-Madison-International-Fond-transparent-2.jpeg?fit=700%2C700&ssl=1\",\"contentUrl\":\"https:\\\/\\\/i0.wp.com\\\/sosmadisoninternational.org\\\/wp-content\\\/uploads\\\/2022\\\/01\\\/SOS-Madison-International-Fond-transparent-2.jpeg?fit=700%2C700&ssl=1\",\"width\":700,\"height\":700,\"caption\":\"SOS Madison International\"},\"image\":{\"@id\":\"https:\\\/\\\/sosmadisoninternational.org\\\/fr\\\/#\\\/schema\\\/logo\\\/image\\\/\"}},{\"@type\":\"Person\",\"@id\":\"https:\\\/\\\/sosmadisoninternational.org\\\/fr\\\/#\\\/schema\\\/person\\\/908eb5dfe3a2702d27e0bc857162c87c\",\"name\":\"SOS MADISON INTERNATIONAL\",\"image\":{\"@type\":\"ImageObject\",\"inLanguage\":\"fr-FR\",\"@id\":\"https:\\\/\\\/secure.gravatar.com\\\/avatar\\\/bed25281c20b95c7a11006479aa678a0e8ee8e951e445e196c6edb59746233e1?s=96&d=mm&r=g\",\"url\":\"https:\\\/\\\/secure.gravatar.com\\\/avatar\\\/bed25281c20b95c7a11006479aa678a0e8ee8e951e445e196c6edb59746233e1?s=96&d=mm&r=g\",\"contentUrl\":\"https:\\\/\\\/secure.gravatar.com\\\/avatar\\\/bed25281c20b95c7a11006479aa678a0e8ee8e951e445e196c6edb59746233e1?s=96&d=mm&r=g\",\"caption\":\"SOS MADISON INTERNATIONAL\"},\"sameAs\":[\"https:\\\/\\\/SOS%20MADISON%20INTERNATIONAL\",\"SOS MADISON INTERNATIONAL\"],\"url\":\"https:\\\/\\\/sosmadisoninternational.org\\\/fr\\\/author\\\/sos-madison-international\\\/\"}]}<\/script>\n<!-- \/ Yoast SEO plugin. -->","yoast_head_json":{"title":"Monaco Tribune - Les joueurs de l\u2019ASM soutiennent un styliste aveugle - SOS Madison International","description":"C\u2019est une le\u00e7on de mode et d\u2019humanit\u00e9 que viennent de faire les joueurs de l\u2019AS Monaco, en soutenant les cr\u00e9ations du styliste et...","robots":{"index":"index","follow":"follow","max-snippet":"max-snippet:-1","max-image-preview":"max-image-preview:large","max-video-preview":"max-video-preview:-1"},"canonical":"https:\/\/sosmadisoninternational.org\/fr\/https\/wwwmonaco-tribunecom\/2019\/08\/joueurs-asm-soutiennent-styliste-aveugle\/","og_locale":"fr_FR","og_type":"article","og_title":"SOS Madison International - Monaco Tribune - Les joueurs de l\u2019ASM soutiennent un styliste aveugle","og_description":"C\u2019est une le\u00e7on de mode et d\u2019humanit\u00e9 que viennent de faire les joueurs de l\u2019AS Monaco, en soutenant les cr\u00e9ations du styliste et...","og_url":"https:\/\/sosmadisoninternational.org\/fr\/https\/wwwmonaco-tribunecom\/2019\/08\/joueurs-asm-soutiennent-styliste-aveugle\/","og_site_name":"SOS Madison International","article_published_time":"2019-08-19T05:49:00+00:00","article_modified_time":"2022-08-31T06:00:54+00:00","og_image":[{"width":960,"height":640,"url":"https:\/\/sosmadisoninternational.org\/wp-content\/uploads\/2022\/08\/Leonardo-Jardim.jpeg","type":"image\/jpeg"}],"author":"SOS MADISON INTERNATIONAL","twitter_card":"summary_large_image","twitter_title":"SOS Madison International - Monaco Tribune - Les joueurs de l\u2019ASM soutiennent un styliste aveugle","twitter_description":"C\u2019est une le\u00e7on de mode et d\u2019humanit\u00e9 que viennent de faire les joueurs de l\u2019AS Monaco, en soutenant les cr\u00e9ations du styliste et...","twitter_image":"https:\/\/i0.wp.com\/sosmadisoninternational.org\/wp-content\/uploads\/2022\/08\/Leonardo-Jardim.jpeg?fit=960%2C640&ssl=1","twitter_misc":{"\u00c9crit par":"SOS MADISON INTERNATIONAL","Dur\u00e9e de lecture estim\u00e9e":"1 minute"},"schema":{"@context":"https:\/\/schema.org","@graph":[{"@type":"Article","@id":"https:\/\/sosmadisoninternational.org\/fr\/https\/wwwmonaco-tribunecom\/2019\/08\/joueurs-asm-soutiennent-styliste-aveugle\/#article","isPartOf":{"@id":"https:\/\/sosmadisoninternational.org\/fr\/https\/wwwmonaco-tribunecom\/2019\/08\/joueurs-asm-soutiennent-styliste-aveugle\/"},"author":{"name":"SOS MADISON INTERNATIONAL","@id":"https:\/\/sosmadisoninternational.org\/fr\/#\/schema\/person\/908eb5dfe3a2702d27e0bc857162c87c"},"headline":"Monaco Tribune &#8211; Les joueurs de l\u2019ASM soutiennent un styliste aveugle","datePublished":"2019-08-19T05:49:00+00:00","dateModified":"2022-08-31T06:00:54+00:00","mainEntityOfPage":{"@id":"https:\/\/sosmadisoninternational.org\/fr\/https\/wwwmonaco-tribunecom\/2019\/08\/joueurs-asm-soutiennent-styliste-aveugle\/"},"wordCount":60,"commentCount":0,"publisher":{"@id":"https:\/\/sosmadisoninternational.org\/fr\/#organization"},"image":{"@id":"https:\/\/sosmadisoninternational.org\/fr\/https\/wwwmonaco-tribunecom\/2019\/08\/joueurs-asm-soutiennent-styliste-aveugle\/#primaryimage"},"thumbnailUrl":"https:\/\/i0.wp.com\/sosmadisoninternational.org\/wp-content\/uploads\/2022\/08\/Leonardo-Jardim.jpeg?fit=960%2C640&ssl=1","articleSection":["Nos presses"],"inLanguage":"fr-FR","potentialAction":[{"@type":"CommentAction","name":"Comment","target":["https:\/\/sosmadisoninternational.org\/fr\/https\/wwwmonaco-tribunecom\/2019\/08\/joueurs-asm-soutiennent-styliste-aveugle\/#respond"]}]},{"@type":"WebPage","@id":"https:\/\/sosmadisoninternational.org\/fr\/https\/wwwmonaco-tribunecom\/2019\/08\/joueurs-asm-soutiennent-styliste-aveugle\/","url":"https:\/\/sosmadisoninternational.org\/fr\/https\/wwwmonaco-tribunecom\/2019\/08\/joueurs-asm-soutiennent-styliste-aveugle\/","name":"Monaco Tribune - Les joueurs de l\u2019ASM soutiennent un styliste aveugle - SOS Madison International","isPartOf":{"@id":"https:\/\/sosmadisoninternational.org\/fr\/#website"},"primaryImageOfPage":{"@id":"https:\/\/sosmadisoninternational.org\/fr\/https\/wwwmonaco-tribunecom\/2019\/08\/joueurs-asm-soutiennent-styliste-aveugle\/#primaryimage"},"image":{"@id":"https:\/\/sosmadisoninternational.org\/fr\/https\/wwwmonaco-tribunecom\/2019\/08\/joueurs-asm-soutiennent-styliste-aveugle\/#primaryimage"},"thumbnailUrl":"https:\/\/i0.wp.com\/sosmadisoninternational.org\/wp-content\/uploads\/2022\/08\/Leonardo-Jardim.jpeg?fit=960%2C640&ssl=1","datePublished":"2019-08-19T05:49:00+00:00","dateModified":"2022-08-31T06:00:54+00:00","description":"C\u2019est une le\u00e7on de mode et d\u2019humanit\u00e9 que viennent de faire les joueurs de l\u2019AS Monaco, en soutenant les cr\u00e9ations du styliste et...","breadcrumb":{"@id":"https:\/\/sosmadisoninternational.org\/fr\/https\/wwwmonaco-tribunecom\/2019\/08\/joueurs-asm-soutiennent-styliste-aveugle\/#breadcrumb"},"inLanguage":"fr-FR","potentialAction":[{"@type":"ReadAction","target":["https:\/\/sosmadisoninternational.org\/fr\/https\/wwwmonaco-tribunecom\/2019\/08\/joueurs-asm-soutiennent-styliste-aveugle\/"]}]},{"@type":"ImageObject","inLanguage":"fr-FR","@id":"https:\/\/sosmadisoninternational.org\/fr\/https\/wwwmonaco-tribunecom\/2019\/08\/joueurs-asm-soutiennent-styliste-aveugle\/#primaryimage","url":"https:\/\/i0.wp.com\/sosmadisoninternational.org\/wp-content\/uploads\/2022\/08\/Leonardo-Jardim.jpeg?fit=960%2C640&ssl=1","contentUrl":"https:\/\/i0.wp.com\/sosmadisoninternational.org\/wp-content\/uploads\/2022\/08\/Leonardo-Jardim.jpeg?fit=960%2C640&ssl=1","width":960,"height":640},{"@type":"BreadcrumbList","@id":"https:\/\/sosmadisoninternational.org\/fr\/https\/wwwmonaco-tribunecom\/2019\/08\/joueurs-asm-soutiennent-styliste-aveugle\/#breadcrumb","itemListElement":[{"@type":"ListItem","position":1,"name":"Home","item":"https:\/\/sosmadisoninternational.org\/en\/"},{"@type":"ListItem","position":2,"name":"Monaco Tribune &#8211; Les joueurs de l\u2019ASM soutiennent un styliste aveugle"}]},{"@type":"WebSite","@id":"https:\/\/sosmadisoninternational.org\/fr\/#website","url":"https:\/\/sosmadisoninternational.org\/fr\/","name":"SOS Madison International","description":"","publisher":{"@id":"https:\/\/sosmadisoninternational.org\/fr\/#organization"},"potentialAction":[{"@type":"SearchAction","target":{"@type":"EntryPoint","urlTemplate":"https:\/\/sosmadisoninternational.org\/fr\/?s={search_term_string}"},"query-input":{"@type":"PropertyValueSpecification","valueRequired":true,"valueName":"search_term_string"}}],"inLanguage":"fr-FR"},{"@type":"Organization","@id":"https:\/\/sosmadisoninternational.org\/fr\/#organization","name":"SOS Madison International","url":"https:\/\/sosmadisoninternational.org\/fr\/","logo":{"@type":"ImageObject","inLanguage":"fr-FR","@id":"https:\/\/sosmadisoninternational.org\/fr\/#\/schema\/logo\/image\/","url":"https:\/\/i0.wp.com\/sosmadisoninternational.org\/wp-content\/uploads\/2022\/01\/SOS-Madison-International-Fond-transparent-2.jpeg?fit=700%2C700&ssl=1","contentUrl":"https:\/\/i0.wp.com\/sosmadisoninternational.org\/wp-content\/uploads\/2022\/01\/SOS-Madison-International-Fond-transparent-2.jpeg?fit=700%2C700&ssl=1","width":700,"height":700,"caption":"SOS Madison International"},"image":{"@id":"https:\/\/sosmadisoninternational.org\/fr\/#\/schema\/logo\/image\/"}},{"@type":"Person","@id":"https:\/\/sosmadisoninternational.org\/fr\/#\/schema\/person\/908eb5dfe3a2702d27e0bc857162c87c","name":"SOS MADISON INTERNATIONAL","image":{"@type":"ImageObject","inLanguage":"fr-FR","@id":"https:\/\/secure.gravatar.com\/avatar\/bed25281c20b95c7a11006479aa678a0e8ee8e951e445e196c6edb59746233e1?s=96&d=mm&r=g","url":"https:\/\/secure.gravatar.com\/avatar\/bed25281c20b95c7a11006479aa678a0e8ee8e951e445e196c6edb59746233e1?s=96&d=mm&r=g","contentUrl":"https:\/\/secure.gravatar.com\/avatar\/bed25281c20b95c7a11006479aa678a0e8ee8e951e445e196c6edb59746233e1?s=96&d=mm&r=g","caption":"SOS MADISON INTERNATIONAL"},"sameAs":["https:\/\/SOS%20MADISON%20INTERNATIONAL","SOS MADISON INTERNATIONAL"],"url":"https:\/\/sosmadisoninternational.org\/fr\/author\/sos-madison-international\/"}]}},"jetpack_featured_media_url":"https:\/\/i0.wp.com\/sosmadisoninternational.org\/wp-content\/uploads\/2022\/08\/Leonardo-Jardim.jpeg?fit=960%2C640&ssl=1","_links":{"self":[{"href":"https:\/\/sosmadisoninternational.org\/fr\/wp-json\/wp\/v2\/posts\/4614","targetHints":{"allow":["GET"]}}],"collection":[{"href":"https:\/\/sosmadisoninternational.org\/fr\/wp-json\/wp\/v2\/posts"}],"about":[{"href":"https:\/\/sosmadisoninternational.org\/fr\/wp-json\/wp\/v2\/types\/post"}],"author":[{"embeddable":true,"href":"https:\/\/sosmadisoninternational.org\/fr\/wp-json\/wp\/v2\/users\/2"}],"replies":[{"embeddable":true,"href":"https:\/\/sosmadisoninternational.org\/fr\/wp-json\/wp\/v2\/comments?post=4614"}],"version-history":[{"count":2,"href":"https:\/\/sosmadisoninternational.org\/fr\/wp-json\/wp\/v2\/posts\/4614\/revisions"}],"predecessor-version":[{"id":4619,"href":"https:\/\/sosmadisoninternational.org\/fr\/wp-json\/wp\/v2\/posts\/4614\/revisions\/4619"}],"wp:featuredmedia":[{"embeddable":true,"href":"https:\/\/sosmadisoninternational.org\/fr\/wp-json\/wp\/v2\/media\/4615"}],"wp:attachment":[{"href":"https:\/\/sosmadisoninternational.org\/fr\/wp-json\/wp\/v2\/media?parent=4614"}],"wp:term":[{"taxonomy":"category","embeddable":true,"href":"https:\/\/sosmadisoninternational.org\/fr\/wp-json\/wp\/v2\/categories?post=4614"},{"taxonomy":"post_tag","embeddable":true,"href":"https:\/\/sosmadisoninternational.org\/fr\/wp-json\/wp\/v2\/tags?post=4614"}],"curies":[{"name":"wp","href":"https:\/\/api.w.org\/{rel}","templated":true}]}}