{"id":4557,"date":"2022-01-08T02:27:00","date_gmt":"2022-01-08T02:27:00","guid":{"rendered":"https:\/\/sosmadisoninternational.org\/?p=4557"},"modified":"2022-08-31T06:58:22","modified_gmt":"2022-08-31T06:58:22","slug":"camer-be-cameroun-sos-madison-international-repond-a-lappel-du-president-paul-biya","status":"publish","type":"post","link":"https:\/\/sosmadisoninternational.org\/fr\/camer-be-cameroun-sos-madison-international-repond-a-lappel-du-president-paul-biya\/","title":{"rendered":"Camer.be &#8211; Cameroun : SOS Madison International r\u00e9pond \u00e0 l\u2019appel du pr\u00e9sident Paul Biya"},"content":{"rendered":"","protected":false},"excerpt":{"rendered":"<p>SOS MADISON INTERNATIONAL R\u00c9POND \u00c0 L\u2019APPEL DU PR\u00c9SIDENT PAUL BIYA EN PARTICIPANT AU RAYONEMENT DE LA CAN TOTAL 2022<\/p>\n","protected":false},"author":2,"featured_media":4633,"comment_status":"open","ping_status":"open","sticky":false,"template":"","format":"standard","meta":{"_monsterinsights_skip_tracking":false,"_monsterinsights_sitenote_active":false,"_monsterinsights_sitenote_note":"","_monsterinsights_sitenote_category":0,"site-sidebar-layout":"default","site-content-layout":"default","ast-global-header-display":"","ast-main-header-display":"","ast-hfb-above-header-display":"","ast-hfb-below-header-display":"","ast-hfb-mobile-header-display":"","site-post-title":"","ast-breadcrumbs-content":"","ast-featured-img":"","footer-sml-layout":"","theme-transparent-header-meta":"","adv-header-id-meta":"","stick-header-meta":"","header-above-stick-meta":"","header-main-stick-meta":"","header-below-stick-meta":"","footnotes":""},"categories":[28],"tags":[],"class_list":["post-4557","post","type-post","status-publish","format-standard","has-post-thumbnail","hentry","category-nos-presses"],"yoast_head":"<!-- This site is optimized with the Yoast SEO plugin v27.5 - https:\/\/yoast.com\/product\/yoast-seo-wordpress\/ -->\n<title>Camer.be - Cameroun : SOS Madison International r\u00e9pond \u00e0 l\u2019appel du pr\u00e9sident Paul Biya - SOS Madison International<\/title>\n<meta name=\"robots\" content=\"index, follow, max-snippet:-1, max-image-preview:large, max-video-preview:-1\" \/>\n<link rel=\"canonical\" href=\"https:\/\/sosmadisoninternational.org\/fr\/https\/wwwcamerbe\/89376\/111\/cameroun-sos-madison-international-repond-a-lappel-du-president-paul-biya-cameroon.html\" \/>\n<meta property=\"og:locale\" content=\"fr_FR\" \/>\n<meta property=\"og:type\" content=\"article\" \/>\n<meta property=\"og:title\" content=\"Camer.be - Cameroun : SOS Madison International r\u00e9pond \u00e0 l\u2019appel du pr\u00e9sident Paul Biya - SOS Madison International\" \/>\n<meta property=\"og:description\" content=\"SOS MADISON INTERNATIONAL R\u00c9POND \u00c0 L\u2019APPEL DU PR\u00c9SIDENT PAUL BIYA EN PARTICIPANT AU RAYONEMENT DE LA CAN TOTAL 2022\" \/>\n<meta property=\"og:url\" content=\"https:\/\/sosmadisoninternational.org\/fr\/https\/wwwcamerbe\/89376\/111\/cameroun-sos-madison-international-repond-a-lappel-du-president-paul-biya-cameroon.html\" \/>\n<meta property=\"og:site_name\" content=\"SOS Madison International\" \/>\n<meta property=\"article:published_time\" content=\"2022-01-08T02:27:00+00:00\" \/>\n<meta property=\"article:modified_time\" content=\"2022-08-31T06:58:22+00:00\" \/>\n<meta property=\"og:image\" content=\"https:\/\/sosmadisoninternational.org\/wp-content\/uploads\/2022\/01\/SOS-Madison-International-Fond-transparent-2.jpeg\" \/>\n\t<meta property=\"og:image:width\" content=\"700\" \/>\n\t<meta property=\"og:image:height\" content=\"700\" \/>\n\t<meta property=\"og:image:type\" content=\"image\/jpeg\" \/>\n<meta name=\"author\" content=\"SOS MADISON INTERNATIONAL\" \/>\n<meta name=\"twitter:card\" content=\"summary_large_image\" \/>\n<meta name=\"twitter:label1\" content=\"\u00c9crit par\" \/>\n\t<meta name=\"twitter:data1\" content=\"SOS MADISON INTERNATIONAL\" \/>\n<script type=\"application\/ld+json\" class=\"yoast-schema-graph\">{\"@context\":\"https:\\\/\\\/schema.org\",\"@graph\":[{\"@type\":\"Article\",\"@id\":\"https:\\\/\\\/sosmadisoninternational.org\\\/fr\\\/https\\\/wwwcamerbe\\\/89376\\\/111\\\/cameroun-sos-madison-international-repond-a-lappel-du-president-paul-biya-cameroon.html#article\",\"isPartOf\":{\"@id\":\"https:\\\/\\\/sosmadisoninternational.org\\\/fr\\\/https\\\/wwwcamerbe\\\/89376\\\/111\\\/cameroun-sos-madison-international-repond-a-lappel-du-president-paul-biya-cameroon.html\"},\"author\":{\"name\":\"SOS MADISON INTERNATIONAL\",\"@id\":\"https:\\\/\\\/sosmadisoninternational.org\\\/fr\\\/#\\\/schema\\\/person\\\/908eb5dfe3a2702d27e0bc857162c87c\"},\"headline\":\"Camer.be &#8211; Cameroun : SOS Madison International r\u00e9pond \u00e0 l\u2019appel du pr\u00e9sident Paul Biya\",\"datePublished\":\"2022-01-08T02:27:00+00:00\",\"dateModified\":\"2022-08-31T06:58:22+00:00\",\"mainEntityOfPage\":{\"@id\":\"https:\\\/\\\/sosmadisoninternational.org\\\/fr\\\/https\\\/wwwcamerbe\\\/89376\\\/111\\\/cameroun-sos-madison-international-repond-a-lappel-du-president-paul-biya-cameroon.html\"},\"wordCount\":16,\"commentCount\":0,\"publisher\":{\"@id\":\"https:\\\/\\\/sosmadisoninternational.org\\\/fr\\\/#organization\"},\"image\":{\"@id\":\"https:\\\/\\\/sosmadisoninternational.org\\\/fr\\\/https\\\/wwwcamerbe\\\/89376\\\/111\\\/cameroun-sos-madison-international-repond-a-lappel-du-president-paul-biya-cameroon.html#primaryimage\"},\"thumbnailUrl\":\"https:\\\/\\\/i0.wp.com\\\/sosmadisoninternational.org\\\/wp-content\\\/uploads\\\/2022\\\/01\\\/SOS-Madison-International-Fond-transparent-2.jpeg?fit=700%2C700&ssl=1\",\"articleSection\":[\"Nos presses\"],\"inLanguage\":\"fr-FR\",\"potentialAction\":[{\"@type\":\"CommentAction\",\"name\":\"Comment\",\"target\":[\"https:\\\/\\\/sosmadisoninternational.org\\\/fr\\\/https\\\/wwwcamerbe\\\/89376\\\/111\\\/cameroun-sos-madison-international-repond-a-lappel-du-president-paul-biya-cameroon.html#respond\"]}]},{\"@type\":\"WebPage\",\"@id\":\"https:\\\/\\\/sosmadisoninternational.org\\\/fr\\\/https\\\/wwwcamerbe\\\/89376\\\/111\\\/cameroun-sos-madison-international-repond-a-lappel-du-president-paul-biya-cameroon.html\",\"url\":\"https:\\\/\\\/sosmadisoninternational.org\\\/fr\\\/https\\\/wwwcamerbe\\\/89376\\\/111\\\/cameroun-sos-madison-international-repond-a-lappel-du-president-paul-biya-cameroon.html\",\"name\":\"Camer.be - Cameroun : SOS Madison International r\u00e9pond \u00e0 l\u2019appel du pr\u00e9sident Paul Biya - SOS Madison International\",\"isPartOf\":{\"@id\":\"https:\\\/\\\/sosmadisoninternational.org\\\/fr\\\/#website\"},\"primaryImageOfPage\":{\"@id\":\"https:\\\/\\\/sosmadisoninternational.org\\\/fr\\\/https\\\/wwwcamerbe\\\/89376\\\/111\\\/cameroun-sos-madison-international-repond-a-lappel-du-president-paul-biya-cameroon.html#primaryimage\"},\"image\":{\"@id\":\"https:\\\/\\\/sosmadisoninternational.org\\\/fr\\\/https\\\/wwwcamerbe\\\/89376\\\/111\\\/cameroun-sos-madison-international-repond-a-lappel-du-president-paul-biya-cameroon.html#primaryimage\"},\"thumbnailUrl\":\"https:\\\/\\\/i0.wp.com\\\/sosmadisoninternational.org\\\/wp-content\\\/uploads\\\/2022\\\/01\\\/SOS-Madison-International-Fond-transparent-2.jpeg?fit=700%2C700&ssl=1\",\"datePublished\":\"2022-01-08T02:27:00+00:00\",\"dateModified\":\"2022-08-31T06:58:22+00:00\",\"breadcrumb\":{\"@id\":\"https:\\\/\\\/sosmadisoninternational.org\\\/fr\\\/https\\\/wwwcamerbe\\\/89376\\\/111\\\/cameroun-sos-madison-international-repond-a-lappel-du-president-paul-biya-cameroon.html#breadcrumb\"},\"inLanguage\":\"fr-FR\",\"potentialAction\":[{\"@type\":\"ReadAction\",\"target\":[\"https:\\\/\\\/sosmadisoninternational.org\\\/fr\\\/https\\\/wwwcamerbe\\\/89376\\\/111\\\/cameroun-sos-madison-international-repond-a-lappel-du-president-paul-biya-cameroon.html\"]}]},{\"@type\":\"ImageObject\",\"inLanguage\":\"fr-FR\",\"@id\":\"https:\\\/\\\/sosmadisoninternational.org\\\/fr\\\/https\\\/wwwcamerbe\\\/89376\\\/111\\\/cameroun-sos-madison-international-repond-a-lappel-du-president-paul-biya-cameroon.html#primaryimage\",\"url\":\"https:\\\/\\\/i0.wp.com\\\/sosmadisoninternational.org\\\/wp-content\\\/uploads\\\/2022\\\/01\\\/SOS-Madison-International-Fond-transparent-2.jpeg?fit=700%2C700&ssl=1\",\"contentUrl\":\"https:\\\/\\\/i0.wp.com\\\/sosmadisoninternational.org\\\/wp-content\\\/uploads\\\/2022\\\/01\\\/SOS-Madison-International-Fond-transparent-2.jpeg?fit=700%2C700&ssl=1\",\"width\":700,\"height\":700},{\"@type\":\"BreadcrumbList\",\"@id\":\"https:\\\/\\\/sosmadisoninternational.org\\\/fr\\\/https\\\/wwwcamerbe\\\/89376\\\/111\\\/cameroun-sos-madison-international-repond-a-lappel-du-president-paul-biya-cameroon.html#breadcrumb\",\"itemListElement\":[{\"@type\":\"ListItem\",\"position\":1,\"name\":\"Home\",\"item\":\"https:\\\/\\\/sosmadisoninternational.org\\\/en\\\/\"},{\"@type\":\"ListItem\",\"position\":2,\"name\":\"Camer.be &#8211; Cameroun : SOS Madison International r\u00e9pond \u00e0 l\u2019appel du pr\u00e9sident Paul Biya\"}]},{\"@type\":\"WebSite\",\"@id\":\"https:\\\/\\\/sosmadisoninternational.org\\\/fr\\\/#website\",\"url\":\"https:\\\/\\\/sosmadisoninternational.org\\\/fr\\\/\",\"name\":\"SOS Madison International\",\"description\":\"\",\"publisher\":{\"@id\":\"https:\\\/\\\/sosmadisoninternational.org\\\/fr\\\/#organization\"},\"potentialAction\":[{\"@type\":\"SearchAction\",\"target\":{\"@type\":\"EntryPoint\",\"urlTemplate\":\"https:\\\/\\\/sosmadisoninternational.org\\\/fr\\\/?s={search_term_string}\"},\"query-input\":{\"@type\":\"PropertyValueSpecification\",\"valueRequired\":true,\"valueName\":\"search_term_string\"}}],\"inLanguage\":\"fr-FR\"},{\"@type\":\"Organization\",\"@id\":\"https:\\\/\\\/sosmadisoninternational.org\\\/fr\\\/#organization\",\"name\":\"SOS Madison International\",\"url\":\"https:\\\/\\\/sosmadisoninternational.org\\\/fr\\\/\",\"logo\":{\"@type\":\"ImageObject\",\"inLanguage\":\"fr-FR\",\"@id\":\"https:\\\/\\\/sosmadisoninternational.org\\\/fr\\\/#\\\/schema\\\/logo\\\/image\\\/\",\"url\":\"https:\\\/\\\/i0.wp.com\\\/sosmadisoninternational.org\\\/wp-content\\\/uploads\\\/2022\\\/01\\\/SOS-Madison-International-Fond-transparent-2.jpeg?fit=700%2C700&ssl=1\",\"contentUrl\":\"https:\\\/\\\/i0.wp.com\\\/sosmadisoninternational.org\\\/wp-content\\\/uploads\\\/2022\\\/01\\\/SOS-Madison-International-Fond-transparent-2.jpeg?fit=700%2C700&ssl=1\",\"width\":700,\"height\":700,\"caption\":\"SOS Madison International\"},\"image\":{\"@id\":\"https:\\\/\\\/sosmadisoninternational.org\\\/fr\\\/#\\\/schema\\\/logo\\\/image\\\/\"}},{\"@type\":\"Person\",\"@id\":\"https:\\\/\\\/sosmadisoninternational.org\\\/fr\\\/#\\\/schema\\\/person\\\/908eb5dfe3a2702d27e0bc857162c87c\",\"name\":\"SOS MADISON INTERNATIONAL\",\"image\":{\"@type\":\"ImageObject\",\"inLanguage\":\"fr-FR\",\"@id\":\"https:\\\/\\\/secure.gravatar.com\\\/avatar\\\/bed25281c20b95c7a11006479aa678a0e8ee8e951e445e196c6edb59746233e1?s=96&d=mm&r=g\",\"url\":\"https:\\\/\\\/secure.gravatar.com\\\/avatar\\\/bed25281c20b95c7a11006479aa678a0e8ee8e951e445e196c6edb59746233e1?s=96&d=mm&r=g\",\"contentUrl\":\"https:\\\/\\\/secure.gravatar.com\\\/avatar\\\/bed25281c20b95c7a11006479aa678a0e8ee8e951e445e196c6edb59746233e1?s=96&d=mm&r=g\",\"caption\":\"SOS MADISON INTERNATIONAL\"},\"sameAs\":[\"https:\\\/\\\/SOS%20MADISON%20INTERNATIONAL\",\"SOS MADISON INTERNATIONAL\"],\"url\":\"https:\\\/\\\/sosmadisoninternational.org\\\/fr\\\/author\\\/sos-madison-international\\\/\"}]}<\/script>\n<!-- \/ Yoast SEO plugin. -->","yoast_head_json":{"title":"Camer.be - Cameroun : SOS Madison International r\u00e9pond \u00e0 l\u2019appel du pr\u00e9sident Paul Biya - SOS Madison International","robots":{"index":"index","follow":"follow","max-snippet":"max-snippet:-1","max-image-preview":"max-image-preview:large","max-video-preview":"max-video-preview:-1"},"canonical":"https:\/\/sosmadisoninternational.org\/fr\/https\/wwwcamerbe\/89376\/111\/cameroun-sos-madison-international-repond-a-lappel-du-president-paul-biya-cameroon.html","og_locale":"fr_FR","og_type":"article","og_title":"Camer.be - Cameroun : SOS Madison International r\u00e9pond \u00e0 l\u2019appel du pr\u00e9sident Paul Biya - SOS Madison International","og_description":"SOS MADISON INTERNATIONAL R\u00c9POND \u00c0 L\u2019APPEL DU PR\u00c9SIDENT PAUL BIYA EN PARTICIPANT AU RAYONEMENT DE LA CAN TOTAL 2022","og_url":"https:\/\/sosmadisoninternational.org\/fr\/https\/wwwcamerbe\/89376\/111\/cameroun-sos-madison-international-repond-a-lappel-du-president-paul-biya-cameroon.html","og_site_name":"SOS Madison International","article_published_time":"2022-01-08T02:27:00+00:00","article_modified_time":"2022-08-31T06:58:22+00:00","og_image":[{"width":700,"height":700,"url":"https:\/\/sosmadisoninternational.org\/wp-content\/uploads\/2022\/01\/SOS-Madison-International-Fond-transparent-2.jpeg","type":"image\/jpeg"}],"author":"SOS MADISON INTERNATIONAL","twitter_card":"summary_large_image","twitter_misc":{"\u00c9crit par":"SOS MADISON INTERNATIONAL"},"schema":{"@context":"https:\/\/schema.org","@graph":[{"@type":"Article","@id":"https:\/\/sosmadisoninternational.org\/fr\/https\/wwwcamerbe\/89376\/111\/cameroun-sos-madison-international-repond-a-lappel-du-president-paul-biya-cameroon.html#article","isPartOf":{"@id":"https:\/\/sosmadisoninternational.org\/fr\/https\/wwwcamerbe\/89376\/111\/cameroun-sos-madison-international-repond-a-lappel-du-president-paul-biya-cameroon.html"},"author":{"name":"SOS MADISON INTERNATIONAL","@id":"https:\/\/sosmadisoninternational.org\/fr\/#\/schema\/person\/908eb5dfe3a2702d27e0bc857162c87c"},"headline":"Camer.be &#8211; Cameroun : SOS Madison International r\u00e9pond \u00e0 l\u2019appel du pr\u00e9sident Paul Biya","datePublished":"2022-01-08T02:27:00+00:00","dateModified":"2022-08-31T06:58:22+00:00","mainEntityOfPage":{"@id":"https:\/\/sosmadisoninternational.org\/fr\/https\/wwwcamerbe\/89376\/111\/cameroun-sos-madison-international-repond-a-lappel-du-president-paul-biya-cameroon.html"},"wordCount":16,"commentCount":0,"publisher":{"@id":"https:\/\/sosmadisoninternational.org\/fr\/#organization"},"image":{"@id":"https:\/\/sosmadisoninternational.org\/fr\/https\/wwwcamerbe\/89376\/111\/cameroun-sos-madison-international-repond-a-lappel-du-president-paul-biya-cameroon.html#primaryimage"},"thumbnailUrl":"https:\/\/i0.wp.com\/sosmadisoninternational.org\/wp-content\/uploads\/2022\/01\/SOS-Madison-International-Fond-transparent-2.jpeg?fit=700%2C700&ssl=1","articleSection":["Nos presses"],"inLanguage":"fr-FR","potentialAction":[{"@type":"CommentAction","name":"Comment","target":["https:\/\/sosmadisoninternational.org\/fr\/https\/wwwcamerbe\/89376\/111\/cameroun-sos-madison-international-repond-a-lappel-du-president-paul-biya-cameroon.html#respond"]}]},{"@type":"WebPage","@id":"https:\/\/sosmadisoninternational.org\/fr\/https\/wwwcamerbe\/89376\/111\/cameroun-sos-madison-international-repond-a-lappel-du-president-paul-biya-cameroon.html","url":"https:\/\/sosmadisoninternational.org\/fr\/https\/wwwcamerbe\/89376\/111\/cameroun-sos-madison-international-repond-a-lappel-du-president-paul-biya-cameroon.html","name":"Camer.be - Cameroun : SOS Madison International r\u00e9pond \u00e0 l\u2019appel du pr\u00e9sident Paul Biya - SOS Madison International","isPartOf":{"@id":"https:\/\/sosmadisoninternational.org\/fr\/#website"},"primaryImageOfPage":{"@id":"https:\/\/sosmadisoninternational.org\/fr\/https\/wwwcamerbe\/89376\/111\/cameroun-sos-madison-international-repond-a-lappel-du-president-paul-biya-cameroon.html#primaryimage"},"image":{"@id":"https:\/\/sosmadisoninternational.org\/fr\/https\/wwwcamerbe\/89376\/111\/cameroun-sos-madison-international-repond-a-lappel-du-president-paul-biya-cameroon.html#primaryimage"},"thumbnailUrl":"https:\/\/i0.wp.com\/sosmadisoninternational.org\/wp-content\/uploads\/2022\/01\/SOS-Madison-International-Fond-transparent-2.jpeg?fit=700%2C700&ssl=1","datePublished":"2022-01-08T02:27:00+00:00","dateModified":"2022-08-31T06:58:22+00:00","breadcrumb":{"@id":"https:\/\/sosmadisoninternational.org\/fr\/https\/wwwcamerbe\/89376\/111\/cameroun-sos-madison-international-repond-a-lappel-du-president-paul-biya-cameroon.html#breadcrumb"},"inLanguage":"fr-FR","potentialAction":[{"@type":"ReadAction","target":["https:\/\/sosmadisoninternational.org\/fr\/https\/wwwcamerbe\/89376\/111\/cameroun-sos-madison-international-repond-a-lappel-du-president-paul-biya-cameroon.html"]}]},{"@type":"ImageObject","inLanguage":"fr-FR","@id":"https:\/\/sosmadisoninternational.org\/fr\/https\/wwwcamerbe\/89376\/111\/cameroun-sos-madison-international-repond-a-lappel-du-president-paul-biya-cameroon.html#primaryimage","url":"https:\/\/i0.wp.com\/sosmadisoninternational.org\/wp-content\/uploads\/2022\/01\/SOS-Madison-International-Fond-transparent-2.jpeg?fit=700%2C700&ssl=1","contentUrl":"https:\/\/i0.wp.com\/sosmadisoninternational.org\/wp-content\/uploads\/2022\/01\/SOS-Madison-International-Fond-transparent-2.jpeg?fit=700%2C700&ssl=1","width":700,"height":700},{"@type":"BreadcrumbList","@id":"https:\/\/sosmadisoninternational.org\/fr\/https\/wwwcamerbe\/89376\/111\/cameroun-sos-madison-international-repond-a-lappel-du-president-paul-biya-cameroon.html#breadcrumb","itemListElement":[{"@type":"ListItem","position":1,"name":"Home","item":"https:\/\/sosmadisoninternational.org\/en\/"},{"@type":"ListItem","position":2,"name":"Camer.be &#8211; Cameroun : SOS Madison International r\u00e9pond \u00e0 l\u2019appel du pr\u00e9sident Paul Biya"}]},{"@type":"WebSite","@id":"https:\/\/sosmadisoninternational.org\/fr\/#website","url":"https:\/\/sosmadisoninternational.org\/fr\/","name":"SOS Madison International","description":"","publisher":{"@id":"https:\/\/sosmadisoninternational.org\/fr\/#organization"},"potentialAction":[{"@type":"SearchAction","target":{"@type":"EntryPoint","urlTemplate":"https:\/\/sosmadisoninternational.org\/fr\/?s={search_term_string}"},"query-input":{"@type":"PropertyValueSpecification","valueRequired":true,"valueName":"search_term_string"}}],"inLanguage":"fr-FR"},{"@type":"Organization","@id":"https:\/\/sosmadisoninternational.org\/fr\/#organization","name":"SOS Madison International","url":"https:\/\/sosmadisoninternational.org\/fr\/","logo":{"@type":"ImageObject","inLanguage":"fr-FR","@id":"https:\/\/sosmadisoninternational.org\/fr\/#\/schema\/logo\/image\/","url":"https:\/\/i0.wp.com\/sosmadisoninternational.org\/wp-content\/uploads\/2022\/01\/SOS-Madison-International-Fond-transparent-2.jpeg?fit=700%2C700&ssl=1","contentUrl":"https:\/\/i0.wp.com\/sosmadisoninternational.org\/wp-content\/uploads\/2022\/01\/SOS-Madison-International-Fond-transparent-2.jpeg?fit=700%2C700&ssl=1","width":700,"height":700,"caption":"SOS Madison International"},"image":{"@id":"https:\/\/sosmadisoninternational.org\/fr\/#\/schema\/logo\/image\/"}},{"@type":"Person","@id":"https:\/\/sosmadisoninternational.org\/fr\/#\/schema\/person\/908eb5dfe3a2702d27e0bc857162c87c","name":"SOS MADISON INTERNATIONAL","image":{"@type":"ImageObject","inLanguage":"fr-FR","@id":"https:\/\/secure.gravatar.com\/avatar\/bed25281c20b95c7a11006479aa678a0e8ee8e951e445e196c6edb59746233e1?s=96&d=mm&r=g","url":"https:\/\/secure.gravatar.com\/avatar\/bed25281c20b95c7a11006479aa678a0e8ee8e951e445e196c6edb59746233e1?s=96&d=mm&r=g","contentUrl":"https:\/\/secure.gravatar.com\/avatar\/bed25281c20b95c7a11006479aa678a0e8ee8e951e445e196c6edb59746233e1?s=96&d=mm&r=g","caption":"SOS MADISON INTERNATIONAL"},"sameAs":["https:\/\/SOS%20MADISON%20INTERNATIONAL","SOS MADISON INTERNATIONAL"],"url":"https:\/\/sosmadisoninternational.org\/fr\/author\/sos-madison-international\/"}]}},"jetpack_featured_media_url":"https:\/\/i0.wp.com\/sosmadisoninternational.org\/wp-content\/uploads\/2022\/01\/SOS-Madison-International-Fond-transparent-2.jpeg?fit=700%2C700&ssl=1","_links":{"self":[{"href":"https:\/\/sosmadisoninternational.org\/fr\/wp-json\/wp\/v2\/posts\/4557","targetHints":{"allow":["GET"]}}],"collection":[{"href":"https:\/\/sosmadisoninternational.org\/fr\/wp-json\/wp\/v2\/posts"}],"about":[{"href":"https:\/\/sosmadisoninternational.org\/fr\/wp-json\/wp\/v2\/types\/post"}],"author":[{"embeddable":true,"href":"https:\/\/sosmadisoninternational.org\/fr\/wp-json\/wp\/v2\/users\/2"}],"replies":[{"embeddable":true,"href":"https:\/\/sosmadisoninternational.org\/fr\/wp-json\/wp\/v2\/comments?post=4557"}],"version-history":[{"count":1,"href":"https:\/\/sosmadisoninternational.org\/fr\/wp-json\/wp\/v2\/posts\/4557\/revisions"}],"predecessor-version":[{"id":4603,"href":"https:\/\/sosmadisoninternational.org\/fr\/wp-json\/wp\/v2\/posts\/4557\/revisions\/4603"}],"wp:featuredmedia":[{"embeddable":true,"href":"https:\/\/sosmadisoninternational.org\/fr\/wp-json\/wp\/v2\/media\/4633"}],"wp:attachment":[{"href":"https:\/\/sosmadisoninternational.org\/fr\/wp-json\/wp\/v2\/media?parent=4557"}],"wp:term":[{"taxonomy":"category","embeddable":true,"href":"https:\/\/sosmadisoninternational.org\/fr\/wp-json\/wp\/v2\/categories?post=4557"},{"taxonomy":"post_tag","embeddable":true,"href":"https:\/\/sosmadisoninternational.org\/fr\/wp-json\/wp\/v2\/tags?post=4557"}],"curies":[{"name":"wp","href":"https:\/\/api.w.org\/{rel}","templated":true}]}}