{"id":4546,"date":"2022-07-22T10:35:00","date_gmt":"2022-07-22T10:35:00","guid":{"rendered":"https:\/\/sosmadisoninternational.org\/?p=4546"},"modified":"2022-08-31T06:11:02","modified_gmt":"2022-08-31T06:11:02","slug":"le-journal-de-saone-et-loire-lacteur-baba-wild-lance-un-label-pour-la-protection-de-lenfance","status":"publish","type":"post","link":"https:\/\/sosmadisoninternational.org\/fr\/le-journal-de-saone-et-loire-lacteur-baba-wild-lance-un-label-pour-la-protection-de-lenfance\/","title":{"rendered":"Le Journal de Sa\u00f4ne-et-Loire &#8211; L\u2019acteur Baba Wild lance un label pour la protection de l\u2019enfance"},"content":{"rendered":"\n<p>Acteur connu sous le nom de Baba Wild, Bastien Villette, jeune M\u00e2connais de 25 ans, s\u2019investit pour la jeunesse. Il a particip\u00e9, depuis fin 2020, \u00e0 l\u2019\u00e9laboration du Baby Madison Label, certifiant les \u00e9tablissements d\u2019accueil de la petite enfance et des jeunes mineurs.<\/p>\n","protected":false},"excerpt":{"rendered":"<p>Baba Wild (\u00e0 gauche), lors de la remise du premier Baby Madison Label. Il \u00e9tait entour\u00e9 de Sandrine Ruello, directrice de l\u2019accueil de loisirs labellis\u00e9, Jean-Fran\u00e7ois Rousseau, repr\u00e9sentant de l\u2019organisme certificateur lyonnais Alticert et Chris Elkhia&#8230;..<\/p>\n","protected":false},"author":2,"featured_media":4549,"comment_status":"open","ping_status":"open","sticky":false,"template":"","format":"standard","meta":{"_monsterinsights_skip_tracking":false,"_monsterinsights_sitenote_active":false,"_monsterinsights_sitenote_note":"","_monsterinsights_sitenote_category":0,"site-sidebar-layout":"default","site-content-layout":"default","ast-global-header-display":"","ast-main-header-display":"","ast-hfb-above-header-display":"","ast-hfb-below-header-display":"","ast-hfb-mobile-header-display":"","site-post-title":"","ast-breadcrumbs-content":"","ast-featured-img":"","footer-sml-layout":"","theme-transparent-header-meta":"","adv-header-id-meta":"","stick-header-meta":"","header-above-stick-meta":"","header-main-stick-meta":"","header-below-stick-meta":"","footnotes":""},"categories":[28],"tags":[],"class_list":["post-4546","post","type-post","status-publish","format-standard","has-post-thumbnail","hentry","category-nos-presses"],"yoast_head":"<!-- This site is optimized with the Yoast SEO plugin v27.5 - https:\/\/yoast.com\/product\/yoast-seo-wordpress\/ -->\n<title>Le Journal de Sa\u00f4ne-et-Loire - L\u2019acteur Baba Wild lance un label pour la protection de l\u2019enfance - SOS Madison International<\/title>\n<meta name=\"description\" content=\"Acteur connu sous le nom de Baba Wild, Bastien Villette, jeune M\u00e2connais de 25 ans, s\u2019investit pour la jeunesse. Il a particip\u00e9, depuis...\" \/>\n<meta name=\"robots\" content=\"index, follow, max-snippet:-1, max-image-preview:large, max-video-preview:-1\" \/>\n<link rel=\"canonical\" href=\"https:\/\/sosmadisoninternational.org\/fr\/https\/wwwlejslcom\/societe\/2022\/07\/22\/l-acteur-baba-wild-lance-un-label-pour-la-protection-de-l-enfance\/\" \/>\n<meta property=\"og:locale\" content=\"fr_FR\" \/>\n<meta property=\"og:type\" content=\"article\" \/>\n<meta property=\"og:title\" content=\"SOS Madison International - Le Journal de Sa\u00f4ne-et-Loire - L\u2019acteur Baba Wild lance un label pour la protection de l\u2019enfance\" \/>\n<meta property=\"og:description\" content=\"Acteur connu sous le nom de Baba Wild, Bastien Villette, jeune M\u00e2connais de 25 ans, s\u2019investit pour la jeunesse. Il a particip\u00e9, depuis...\" \/>\n<meta property=\"og:url\" content=\"https:\/\/sosmadisoninternational.org\/fr\/https\/wwwlejslcom\/societe\/2022\/07\/22\/l-acteur-baba-wild-lance-un-label-pour-la-protection-de-l-enfance\/\" \/>\n<meta property=\"og:site_name\" content=\"SOS Madison International\" \/>\n<meta property=\"article:published_time\" content=\"2022-07-22T10:35:00+00:00\" \/>\n<meta property=\"article:modified_time\" content=\"2022-08-31T06:11:02+00:00\" \/>\n<meta property=\"og:image\" content=\"https:\/\/sosmadisoninternational.org\/wp-content\/uploads\/2022\/07\/title-1658501797.jpg\" \/>\n\t<meta property=\"og:image:width\" content=\"1000\" \/>\n\t<meta property=\"og:image:height\" content=\"500\" \/>\n\t<meta property=\"og:image:type\" content=\"image\/jpeg\" \/>\n<meta name=\"author\" content=\"SOS MADISON INTERNATIONAL\" \/>\n<meta name=\"twitter:card\" content=\"summary_large_image\" \/>\n<meta name=\"twitter:title\" content=\"SOS Madison International - Le Journal de Sa\u00f4ne-et-Loire - L\u2019acteur Baba Wild lance un label pour la protection de l\u2019enfance\" \/>\n<meta name=\"twitter:description\" content=\"Acteur connu sous le nom de Baba Wild, Bastien Villette, jeune M\u00e2connais de 25 ans, s\u2019investit pour la jeunesse. Il a particip\u00e9, depuis...\" \/>\n<meta name=\"twitter:label1\" content=\"\u00c9crit par\" \/>\n\t<meta name=\"twitter:data1\" content=\"SOS MADISON INTERNATIONAL\" \/>\n\t<meta name=\"twitter:label2\" content=\"Dur\u00e9e de lecture estim\u00e9e\" \/>\n\t<meta name=\"twitter:data2\" content=\"1 minute\" \/>\n<script type=\"application\/ld+json\" class=\"yoast-schema-graph\">{\"@context\":\"https:\\\/\\\/schema.org\",\"@graph\":[{\"@type\":\"Article\",\"@id\":\"https:\\\/\\\/sosmadisoninternational.org\\\/fr\\\/https\\\/wwwlejslcom\\\/societe\\\/2022\\\/07\\\/22\\\/l-acteur-baba-wild-lance-un-label-pour-la-protection-de-l-enfance\\\/#article\",\"isPartOf\":{\"@id\":\"https:\\\/\\\/sosmadisoninternational.org\\\/fr\\\/https\\\/wwwlejslcom\\\/societe\\\/2022\\\/07\\\/22\\\/l-acteur-baba-wild-lance-un-label-pour-la-protection-de-l-enfance\\\/\"},\"author\":{\"name\":\"SOS MADISON INTERNATIONAL\",\"@id\":\"https:\\\/\\\/sosmadisoninternational.org\\\/fr\\\/#\\\/schema\\\/person\\\/908eb5dfe3a2702d27e0bc857162c87c\"},\"headline\":\"Le Journal de Sa\u00f4ne-et-Loire &#8211; L\u2019acteur Baba Wild lance un label pour la protection de l\u2019enfance\",\"datePublished\":\"2022-07-22T10:35:00+00:00\",\"dateModified\":\"2022-08-31T06:11:02+00:00\",\"mainEntityOfPage\":{\"@id\":\"https:\\\/\\\/sosmadisoninternational.org\\\/fr\\\/https\\\/wwwlejslcom\\\/societe\\\/2022\\\/07\\\/22\\\/l-acteur-baba-wild-lance-un-label-pour-la-protection-de-l-enfance\\\/\"},\"wordCount\":63,\"commentCount\":0,\"publisher\":{\"@id\":\"https:\\\/\\\/sosmadisoninternational.org\\\/fr\\\/#organization\"},\"image\":{\"@id\":\"https:\\\/\\\/sosmadisoninternational.org\\\/fr\\\/https\\\/wwwlejslcom\\\/societe\\\/2022\\\/07\\\/22\\\/l-acteur-baba-wild-lance-un-label-pour-la-protection-de-l-enfance\\\/#primaryimage\"},\"thumbnailUrl\":\"https:\\\/\\\/i0.wp.com\\\/sosmadisoninternational.org\\\/wp-content\\\/uploads\\\/2022\\\/07\\\/title-1658501797.jpg?fit=1000%2C500&ssl=1\",\"articleSection\":[\"Nos presses\"],\"inLanguage\":\"fr-FR\",\"potentialAction\":[{\"@type\":\"CommentAction\",\"name\":\"Comment\",\"target\":[\"https:\\\/\\\/sosmadisoninternational.org\\\/fr\\\/https\\\/wwwlejslcom\\\/societe\\\/2022\\\/07\\\/22\\\/l-acteur-baba-wild-lance-un-label-pour-la-protection-de-l-enfance\\\/#respond\"]}]},{\"@type\":\"WebPage\",\"@id\":\"https:\\\/\\\/sosmadisoninternational.org\\\/fr\\\/https\\\/wwwlejslcom\\\/societe\\\/2022\\\/07\\\/22\\\/l-acteur-baba-wild-lance-un-label-pour-la-protection-de-l-enfance\\\/\",\"url\":\"https:\\\/\\\/sosmadisoninternational.org\\\/fr\\\/https\\\/wwwlejslcom\\\/societe\\\/2022\\\/07\\\/22\\\/l-acteur-baba-wild-lance-un-label-pour-la-protection-de-l-enfance\\\/\",\"name\":\"Le Journal de Sa\u00f4ne-et-Loire - L\u2019acteur Baba Wild lance un label pour la protection de l\u2019enfance - SOS Madison International\",\"isPartOf\":{\"@id\":\"https:\\\/\\\/sosmadisoninternational.org\\\/fr\\\/#website\"},\"primaryImageOfPage\":{\"@id\":\"https:\\\/\\\/sosmadisoninternational.org\\\/fr\\\/https\\\/wwwlejslcom\\\/societe\\\/2022\\\/07\\\/22\\\/l-acteur-baba-wild-lance-un-label-pour-la-protection-de-l-enfance\\\/#primaryimage\"},\"image\":{\"@id\":\"https:\\\/\\\/sosmadisoninternational.org\\\/fr\\\/https\\\/wwwlejslcom\\\/societe\\\/2022\\\/07\\\/22\\\/l-acteur-baba-wild-lance-un-label-pour-la-protection-de-l-enfance\\\/#primaryimage\"},\"thumbnailUrl\":\"https:\\\/\\\/i0.wp.com\\\/sosmadisoninternational.org\\\/wp-content\\\/uploads\\\/2022\\\/07\\\/title-1658501797.jpg?fit=1000%2C500&ssl=1\",\"datePublished\":\"2022-07-22T10:35:00+00:00\",\"dateModified\":\"2022-08-31T06:11:02+00:00\",\"description\":\"Acteur connu sous le nom de Baba Wild, Bastien Villette, jeune M\u00e2connais de 25 ans, s\u2019investit pour la jeunesse. Il a particip\u00e9, depuis...\",\"breadcrumb\":{\"@id\":\"https:\\\/\\\/sosmadisoninternational.org\\\/fr\\\/https\\\/wwwlejslcom\\\/societe\\\/2022\\\/07\\\/22\\\/l-acteur-baba-wild-lance-un-label-pour-la-protection-de-l-enfance\\\/#breadcrumb\"},\"inLanguage\":\"fr-FR\",\"potentialAction\":[{\"@type\":\"ReadAction\",\"target\":[\"https:\\\/\\\/sosmadisoninternational.org\\\/fr\\\/https\\\/wwwlejslcom\\\/societe\\\/2022\\\/07\\\/22\\\/l-acteur-baba-wild-lance-un-label-pour-la-protection-de-l-enfance\\\/\"]}]},{\"@type\":\"ImageObject\",\"inLanguage\":\"fr-FR\",\"@id\":\"https:\\\/\\\/sosmadisoninternational.org\\\/fr\\\/https\\\/wwwlejslcom\\\/societe\\\/2022\\\/07\\\/22\\\/l-acteur-baba-wild-lance-un-label-pour-la-protection-de-l-enfance\\\/#primaryimage\",\"url\":\"https:\\\/\\\/i0.wp.com\\\/sosmadisoninternational.org\\\/wp-content\\\/uploads\\\/2022\\\/07\\\/title-1658501797.jpg?fit=1000%2C500&ssl=1\",\"contentUrl\":\"https:\\\/\\\/i0.wp.com\\\/sosmadisoninternational.org\\\/wp-content\\\/uploads\\\/2022\\\/07\\\/title-1658501797.jpg?fit=1000%2C500&ssl=1\",\"width\":1000,\"height\":500},{\"@type\":\"BreadcrumbList\",\"@id\":\"https:\\\/\\\/sosmadisoninternational.org\\\/fr\\\/https\\\/wwwlejslcom\\\/societe\\\/2022\\\/07\\\/22\\\/l-acteur-baba-wild-lance-un-label-pour-la-protection-de-l-enfance\\\/#breadcrumb\",\"itemListElement\":[{\"@type\":\"ListItem\",\"position\":1,\"name\":\"Home\",\"item\":\"https:\\\/\\\/sosmadisoninternational.org\\\/en\\\/\"},{\"@type\":\"ListItem\",\"position\":2,\"name\":\"Le Journal de Sa\u00f4ne-et-Loire &#8211; L\u2019acteur Baba Wild lance un label pour la protection de l\u2019enfance\"}]},{\"@type\":\"WebSite\",\"@id\":\"https:\\\/\\\/sosmadisoninternational.org\\\/fr\\\/#website\",\"url\":\"https:\\\/\\\/sosmadisoninternational.org\\\/fr\\\/\",\"name\":\"SOS Madison International\",\"description\":\"\",\"publisher\":{\"@id\":\"https:\\\/\\\/sosmadisoninternational.org\\\/fr\\\/#organization\"},\"potentialAction\":[{\"@type\":\"SearchAction\",\"target\":{\"@type\":\"EntryPoint\",\"urlTemplate\":\"https:\\\/\\\/sosmadisoninternational.org\\\/fr\\\/?s={search_term_string}\"},\"query-input\":{\"@type\":\"PropertyValueSpecification\",\"valueRequired\":true,\"valueName\":\"search_term_string\"}}],\"inLanguage\":\"fr-FR\"},{\"@type\":\"Organization\",\"@id\":\"https:\\\/\\\/sosmadisoninternational.org\\\/fr\\\/#organization\",\"name\":\"SOS Madison International\",\"url\":\"https:\\\/\\\/sosmadisoninternational.org\\\/fr\\\/\",\"logo\":{\"@type\":\"ImageObject\",\"inLanguage\":\"fr-FR\",\"@id\":\"https:\\\/\\\/sosmadisoninternational.org\\\/fr\\\/#\\\/schema\\\/logo\\\/image\\\/\",\"url\":\"https:\\\/\\\/i0.wp.com\\\/sosmadisoninternational.org\\\/wp-content\\\/uploads\\\/2022\\\/01\\\/SOS-Madison-International-Fond-transparent-2.jpeg?fit=700%2C700&ssl=1\",\"contentUrl\":\"https:\\\/\\\/i0.wp.com\\\/sosmadisoninternational.org\\\/wp-content\\\/uploads\\\/2022\\\/01\\\/SOS-Madison-International-Fond-transparent-2.jpeg?fit=700%2C700&ssl=1\",\"width\":700,\"height\":700,\"caption\":\"SOS Madison International\"},\"image\":{\"@id\":\"https:\\\/\\\/sosmadisoninternational.org\\\/fr\\\/#\\\/schema\\\/logo\\\/image\\\/\"}},{\"@type\":\"Person\",\"@id\":\"https:\\\/\\\/sosmadisoninternational.org\\\/fr\\\/#\\\/schema\\\/person\\\/908eb5dfe3a2702d27e0bc857162c87c\",\"name\":\"SOS MADISON INTERNATIONAL\",\"image\":{\"@type\":\"ImageObject\",\"inLanguage\":\"fr-FR\",\"@id\":\"https:\\\/\\\/secure.gravatar.com\\\/avatar\\\/bed25281c20b95c7a11006479aa678a0e8ee8e951e445e196c6edb59746233e1?s=96&d=mm&r=g\",\"url\":\"https:\\\/\\\/secure.gravatar.com\\\/avatar\\\/bed25281c20b95c7a11006479aa678a0e8ee8e951e445e196c6edb59746233e1?s=96&d=mm&r=g\",\"contentUrl\":\"https:\\\/\\\/secure.gravatar.com\\\/avatar\\\/bed25281c20b95c7a11006479aa678a0e8ee8e951e445e196c6edb59746233e1?s=96&d=mm&r=g\",\"caption\":\"SOS MADISON INTERNATIONAL\"},\"sameAs\":[\"https:\\\/\\\/SOS%20MADISON%20INTERNATIONAL\",\"SOS MADISON INTERNATIONAL\"],\"url\":\"https:\\\/\\\/sosmadisoninternational.org\\\/fr\\\/author\\\/sos-madison-international\\\/\"}]}<\/script>\n<!-- \/ Yoast SEO plugin. -->","yoast_head_json":{"title":"Le Journal de Sa\u00f4ne-et-Loire - L\u2019acteur Baba Wild lance un label pour la protection de l\u2019enfance - SOS Madison International","description":"Acteur connu sous le nom de Baba Wild, Bastien Villette, jeune M\u00e2connais de 25 ans, s\u2019investit pour la jeunesse. Il a particip\u00e9, depuis...","robots":{"index":"index","follow":"follow","max-snippet":"max-snippet:-1","max-image-preview":"max-image-preview:large","max-video-preview":"max-video-preview:-1"},"canonical":"https:\/\/sosmadisoninternational.org\/fr\/https\/wwwlejslcom\/societe\/2022\/07\/22\/l-acteur-baba-wild-lance-un-label-pour-la-protection-de-l-enfance\/","og_locale":"fr_FR","og_type":"article","og_title":"SOS Madison International - Le Journal de Sa\u00f4ne-et-Loire - L\u2019acteur Baba Wild lance un label pour la protection de l\u2019enfance","og_description":"Acteur connu sous le nom de Baba Wild, Bastien Villette, jeune M\u00e2connais de 25 ans, s\u2019investit pour la jeunesse. Il a particip\u00e9, depuis...","og_url":"https:\/\/sosmadisoninternational.org\/fr\/https\/wwwlejslcom\/societe\/2022\/07\/22\/l-acteur-baba-wild-lance-un-label-pour-la-protection-de-l-enfance\/","og_site_name":"SOS Madison International","article_published_time":"2022-07-22T10:35:00+00:00","article_modified_time":"2022-08-31T06:11:02+00:00","og_image":[{"width":1000,"height":500,"url":"https:\/\/sosmadisoninternational.org\/wp-content\/uploads\/2022\/07\/title-1658501797.jpg","type":"image\/jpeg"}],"author":"SOS MADISON INTERNATIONAL","twitter_card":"summary_large_image","twitter_title":"SOS Madison International - Le Journal de Sa\u00f4ne-et-Loire - L\u2019acteur Baba Wild lance un label pour la protection de l\u2019enfance","twitter_description":"Acteur connu sous le nom de Baba Wild, Bastien Villette, jeune M\u00e2connais de 25 ans, s\u2019investit pour la jeunesse. Il a particip\u00e9, depuis...","twitter_misc":{"\u00c9crit par":"SOS MADISON INTERNATIONAL","Dur\u00e9e de lecture estim\u00e9e":"1 minute"},"schema":{"@context":"https:\/\/schema.org","@graph":[{"@type":"Article","@id":"https:\/\/sosmadisoninternational.org\/fr\/https\/wwwlejslcom\/societe\/2022\/07\/22\/l-acteur-baba-wild-lance-un-label-pour-la-protection-de-l-enfance\/#article","isPartOf":{"@id":"https:\/\/sosmadisoninternational.org\/fr\/https\/wwwlejslcom\/societe\/2022\/07\/22\/l-acteur-baba-wild-lance-un-label-pour-la-protection-de-l-enfance\/"},"author":{"name":"SOS MADISON INTERNATIONAL","@id":"https:\/\/sosmadisoninternational.org\/fr\/#\/schema\/person\/908eb5dfe3a2702d27e0bc857162c87c"},"headline":"Le Journal de Sa\u00f4ne-et-Loire &#8211; L\u2019acteur Baba Wild lance un label pour la protection de l\u2019enfance","datePublished":"2022-07-22T10:35:00+00:00","dateModified":"2022-08-31T06:11:02+00:00","mainEntityOfPage":{"@id":"https:\/\/sosmadisoninternational.org\/fr\/https\/wwwlejslcom\/societe\/2022\/07\/22\/l-acteur-baba-wild-lance-un-label-pour-la-protection-de-l-enfance\/"},"wordCount":63,"commentCount":0,"publisher":{"@id":"https:\/\/sosmadisoninternational.org\/fr\/#organization"},"image":{"@id":"https:\/\/sosmadisoninternational.org\/fr\/https\/wwwlejslcom\/societe\/2022\/07\/22\/l-acteur-baba-wild-lance-un-label-pour-la-protection-de-l-enfance\/#primaryimage"},"thumbnailUrl":"https:\/\/i0.wp.com\/sosmadisoninternational.org\/wp-content\/uploads\/2022\/07\/title-1658501797.jpg?fit=1000%2C500&ssl=1","articleSection":["Nos presses"],"inLanguage":"fr-FR","potentialAction":[{"@type":"CommentAction","name":"Comment","target":["https:\/\/sosmadisoninternational.org\/fr\/https\/wwwlejslcom\/societe\/2022\/07\/22\/l-acteur-baba-wild-lance-un-label-pour-la-protection-de-l-enfance\/#respond"]}]},{"@type":"WebPage","@id":"https:\/\/sosmadisoninternational.org\/fr\/https\/wwwlejslcom\/societe\/2022\/07\/22\/l-acteur-baba-wild-lance-un-label-pour-la-protection-de-l-enfance\/","url":"https:\/\/sosmadisoninternational.org\/fr\/https\/wwwlejslcom\/societe\/2022\/07\/22\/l-acteur-baba-wild-lance-un-label-pour-la-protection-de-l-enfance\/","name":"Le Journal de Sa\u00f4ne-et-Loire - L\u2019acteur Baba Wild lance un label pour la protection de l\u2019enfance - SOS Madison International","isPartOf":{"@id":"https:\/\/sosmadisoninternational.org\/fr\/#website"},"primaryImageOfPage":{"@id":"https:\/\/sosmadisoninternational.org\/fr\/https\/wwwlejslcom\/societe\/2022\/07\/22\/l-acteur-baba-wild-lance-un-label-pour-la-protection-de-l-enfance\/#primaryimage"},"image":{"@id":"https:\/\/sosmadisoninternational.org\/fr\/https\/wwwlejslcom\/societe\/2022\/07\/22\/l-acteur-baba-wild-lance-un-label-pour-la-protection-de-l-enfance\/#primaryimage"},"thumbnailUrl":"https:\/\/i0.wp.com\/sosmadisoninternational.org\/wp-content\/uploads\/2022\/07\/title-1658501797.jpg?fit=1000%2C500&ssl=1","datePublished":"2022-07-22T10:35:00+00:00","dateModified":"2022-08-31T06:11:02+00:00","description":"Acteur connu sous le nom de Baba Wild, Bastien Villette, jeune M\u00e2connais de 25 ans, s\u2019investit pour la jeunesse. Il a particip\u00e9, depuis...","breadcrumb":{"@id":"https:\/\/sosmadisoninternational.org\/fr\/https\/wwwlejslcom\/societe\/2022\/07\/22\/l-acteur-baba-wild-lance-un-label-pour-la-protection-de-l-enfance\/#breadcrumb"},"inLanguage":"fr-FR","potentialAction":[{"@type":"ReadAction","target":["https:\/\/sosmadisoninternational.org\/fr\/https\/wwwlejslcom\/societe\/2022\/07\/22\/l-acteur-baba-wild-lance-un-label-pour-la-protection-de-l-enfance\/"]}]},{"@type":"ImageObject","inLanguage":"fr-FR","@id":"https:\/\/sosmadisoninternational.org\/fr\/https\/wwwlejslcom\/societe\/2022\/07\/22\/l-acteur-baba-wild-lance-un-label-pour-la-protection-de-l-enfance\/#primaryimage","url":"https:\/\/i0.wp.com\/sosmadisoninternational.org\/wp-content\/uploads\/2022\/07\/title-1658501797.jpg?fit=1000%2C500&ssl=1","contentUrl":"https:\/\/i0.wp.com\/sosmadisoninternational.org\/wp-content\/uploads\/2022\/07\/title-1658501797.jpg?fit=1000%2C500&ssl=1","width":1000,"height":500},{"@type":"BreadcrumbList","@id":"https:\/\/sosmadisoninternational.org\/fr\/https\/wwwlejslcom\/societe\/2022\/07\/22\/l-acteur-baba-wild-lance-un-label-pour-la-protection-de-l-enfance\/#breadcrumb","itemListElement":[{"@type":"ListItem","position":1,"name":"Home","item":"https:\/\/sosmadisoninternational.org\/en\/"},{"@type":"ListItem","position":2,"name":"Le Journal de Sa\u00f4ne-et-Loire &#8211; L\u2019acteur Baba Wild lance un label pour la protection de l\u2019enfance"}]},{"@type":"WebSite","@id":"https:\/\/sosmadisoninternational.org\/fr\/#website","url":"https:\/\/sosmadisoninternational.org\/fr\/","name":"SOS Madison International","description":"","publisher":{"@id":"https:\/\/sosmadisoninternational.org\/fr\/#organization"},"potentialAction":[{"@type":"SearchAction","target":{"@type":"EntryPoint","urlTemplate":"https:\/\/sosmadisoninternational.org\/fr\/?s={search_term_string}"},"query-input":{"@type":"PropertyValueSpecification","valueRequired":true,"valueName":"search_term_string"}}],"inLanguage":"fr-FR"},{"@type":"Organization","@id":"https:\/\/sosmadisoninternational.org\/fr\/#organization","name":"SOS Madison International","url":"https:\/\/sosmadisoninternational.org\/fr\/","logo":{"@type":"ImageObject","inLanguage":"fr-FR","@id":"https:\/\/sosmadisoninternational.org\/fr\/#\/schema\/logo\/image\/","url":"https:\/\/i0.wp.com\/sosmadisoninternational.org\/wp-content\/uploads\/2022\/01\/SOS-Madison-International-Fond-transparent-2.jpeg?fit=700%2C700&ssl=1","contentUrl":"https:\/\/i0.wp.com\/sosmadisoninternational.org\/wp-content\/uploads\/2022\/01\/SOS-Madison-International-Fond-transparent-2.jpeg?fit=700%2C700&ssl=1","width":700,"height":700,"caption":"SOS Madison International"},"image":{"@id":"https:\/\/sosmadisoninternational.org\/fr\/#\/schema\/logo\/image\/"}},{"@type":"Person","@id":"https:\/\/sosmadisoninternational.org\/fr\/#\/schema\/person\/908eb5dfe3a2702d27e0bc857162c87c","name":"SOS MADISON INTERNATIONAL","image":{"@type":"ImageObject","inLanguage":"fr-FR","@id":"https:\/\/secure.gravatar.com\/avatar\/bed25281c20b95c7a11006479aa678a0e8ee8e951e445e196c6edb59746233e1?s=96&d=mm&r=g","url":"https:\/\/secure.gravatar.com\/avatar\/bed25281c20b95c7a11006479aa678a0e8ee8e951e445e196c6edb59746233e1?s=96&d=mm&r=g","contentUrl":"https:\/\/secure.gravatar.com\/avatar\/bed25281c20b95c7a11006479aa678a0e8ee8e951e445e196c6edb59746233e1?s=96&d=mm&r=g","caption":"SOS MADISON INTERNATIONAL"},"sameAs":["https:\/\/SOS%20MADISON%20INTERNATIONAL","SOS MADISON INTERNATIONAL"],"url":"https:\/\/sosmadisoninternational.org\/fr\/author\/sos-madison-international\/"}]}},"jetpack_featured_media_url":"https:\/\/i0.wp.com\/sosmadisoninternational.org\/wp-content\/uploads\/2022\/07\/title-1658501797.jpg?fit=1000%2C500&ssl=1","_links":{"self":[{"href":"https:\/\/sosmadisoninternational.org\/fr\/wp-json\/wp\/v2\/posts\/4546","targetHints":{"allow":["GET"]}}],"collection":[{"href":"https:\/\/sosmadisoninternational.org\/fr\/wp-json\/wp\/v2\/posts"}],"about":[{"href":"https:\/\/sosmadisoninternational.org\/fr\/wp-json\/wp\/v2\/types\/post"}],"author":[{"embeddable":true,"href":"https:\/\/sosmadisoninternational.org\/fr\/wp-json\/wp\/v2\/users\/2"}],"replies":[{"embeddable":true,"href":"https:\/\/sosmadisoninternational.org\/fr\/wp-json\/wp\/v2\/comments?post=4546"}],"version-history":[{"count":3,"href":"https:\/\/sosmadisoninternational.org\/fr\/wp-json\/wp\/v2\/posts\/4546\/revisions"}],"predecessor-version":[{"id":4626,"href":"https:\/\/sosmadisoninternational.org\/fr\/wp-json\/wp\/v2\/posts\/4546\/revisions\/4626"}],"wp:featuredmedia":[{"embeddable":true,"href":"https:\/\/sosmadisoninternational.org\/fr\/wp-json\/wp\/v2\/media\/4549"}],"wp:attachment":[{"href":"https:\/\/sosmadisoninternational.org\/fr\/wp-json\/wp\/v2\/media?parent=4546"}],"wp:term":[{"taxonomy":"category","embeddable":true,"href":"https:\/\/sosmadisoninternational.org\/fr\/wp-json\/wp\/v2\/categories?post=4546"},{"taxonomy":"post_tag","embeddable":true,"href":"https:\/\/sosmadisoninternational.org\/fr\/wp-json\/wp\/v2\/tags?post=4546"}],"curies":[{"name":"wp","href":"https:\/\/api.w.org\/{rel}","templated":true}]}}